{"id":40,"date":"2023-04-18T12:05:39","date_gmt":"2023-04-18T12:05:39","guid":{"rendered":"https:\/\/prensaycomunicacion.com\/?p=40"},"modified":"2023-04-18T12:05:39","modified_gmt":"2023-04-18T12:05:39","slug":"exposicion-fotografica-40-anos-en-el-mundo-de-la-moda-de-roberto-verino-40-anos-de-estilo-verino-hasta-el-3-de-mayo","status":"publish","type":"post","link":"https:\/\/prensaycomunicacion.com\/?p=40","title":{"rendered":"Exposici\u00f3n fotogr\u00e1fica 40 a\u00f1os en el mundo de la moda de Roberto Verino: \u201c40 a\u00f1os de estilo Verino\u201d, hasta el 3 de mayo"},"content":{"rendered":"<blockquote>\n<p class=\"p1\"><img loading=\"lazy\" decoding=\"async\" class=\"alignnone size-medium wp-image-41\" src=\"https:\/\/prensaycomunicacion.com\/wp-content\/uploads\/2023\/04\/C86FA98E-3A5E-463A-A308-6D37506FECC5-300x200.jpeg\" alt=\"\" width=\"300\" height=\"200\" srcset=\"https:\/\/prensaycomunicacion.com\/wp-content\/uploads\/2023\/04\/C86FA98E-3A5E-463A-A308-6D37506FECC5-300x200.jpeg 300w, https:\/\/prensaycomunicacion.com\/wp-content\/uploads\/2023\/04\/C86FA98E-3A5E-463A-A308-6D37506FECC5-1024x683.jpeg 1024w, https:\/\/prensaycomunicacion.com\/wp-content\/uploads\/2023\/04\/C86FA98E-3A5E-463A-A308-6D37506FECC5-768x512.jpeg 768w, https:\/\/prensaycomunicacion.com\/wp-content\/uploads\/2023\/04\/C86FA98E-3A5E-463A-A308-6D37506FECC5-1536x1024.jpeg 1536w, https:\/\/prensaycomunicacion.com\/wp-content\/uploads\/2023\/04\/C86FA98E-3A5E-463A-A308-6D37506FECC5-2048x1366.jpeg 2048w\" sizes=\"auto, (max-width: 300px) 100vw, 300px\" \/><\/p>\n<\/blockquote>\n<p class=\"p1\"><span class=\"s1\">El Sal\u00f3n de Cristal del Ayuntamiento de Val\u00e8ncia acoge una exposici\u00f3n fotogr\u00e1fica de los 40 a\u00f1os de la trayectoria en el mundo de la moda del dise\u00f1ador gallego Roberto Verino. <\/span><\/p>\n<p class=\"p1\"><span class=\"s1\">La muestra ha sido inaugurada por el alcalde, Joan Rib\u00f3, acompa\u00f1ado del concejal de Turismo, Emiliano Garc\u00eda, y de las concejalas del Partido Popular, Julia Climent y Mar\u00eda Jos\u00e9 Ferrer, adem\u00e1s del propio dise\u00f1ador.<\/span><\/p>\n<p class=\"p1\"><span class=\"s1\">Roberto Verino ha agradecido al Ayuntamiento la celebraci\u00f3n de la muestra. <\/span><\/p>\n<p class=\"p1\"><span class=\"s1\">El dise\u00f1ador ha explicado que su inter\u00e9s es \u201cofrecer un estilo sencillo, una calidad alta y un concepto atemporal para que las personas, en vez de hacer un gasto, hagan una inversi\u00f3n\u201d. <\/span><\/p>\n<p class=\"p1\"><span class=\"s1\">Verino cree que \u201cel armario que merece la pena es el armario emocional\u201d y ha a\u00f1adido que quiere que las personas \u201clleven un vestido y no que el vestido lleve a las personas\u201d.<\/span><\/p>\n<p class=\"p1\"><span class=\"s1\">La muestra \u201c40 a\u00f1os de estilo Verino\u201d se puede visitar en el Sal\u00f3n de Cristal de la Casa Consistorial hasta el pr\u00f3ximo <\/span><span class=\"s2\">3 de mayo<\/span><span class=\"s1\">. <\/span><\/p>\n<p class=\"p1\"><span class=\"s1\">La firma Roberto Verino tiene tienda en la ciudad de Val\u00e8ncia desde el a\u00f1o 1999<\/span><\/p>\n<p>&nbsp;<\/p>\n<p><img loading=\"lazy\" decoding=\"async\" class=\"alignnone size-medium wp-image-42\" src=\"https:\/\/prensaycomunicacion.com\/wp-content\/uploads\/2023\/04\/38AE2CC7-F246-4E7E-AACB-61E2B8AF57CD-300x200.jpeg\" alt=\"\" width=\"300\" height=\"200\" srcset=\"https:\/\/prensaycomunicacion.com\/wp-content\/uploads\/2023\/04\/38AE2CC7-F246-4E7E-AACB-61E2B8AF57CD-300x200.jpeg 300w, https:\/\/prensaycomunicacion.com\/wp-content\/uploads\/2023\/04\/38AE2CC7-F246-4E7E-AACB-61E2B8AF57CD-1024x682.jpeg 1024w, https:\/\/prensaycomunicacion.com\/wp-content\/uploads\/2023\/04\/38AE2CC7-F246-4E7E-AACB-61E2B8AF57CD-768x512.jpeg 768w, https:\/\/prensaycomunicacion.com\/wp-content\/uploads\/2023\/04\/38AE2CC7-F246-4E7E-AACB-61E2B8AF57CD-1536x1024.jpeg 1536w, https:\/\/prensaycomunicacion.com\/wp-content\/uploads\/2023\/04\/38AE2CC7-F246-4E7E-AACB-61E2B8AF57CD-2048x1365.jpeg 2048w\" sizes=\"auto, (max-width: 300px) 100vw, 300px\" \/><\/p>\n<p>&nbsp;<\/p>\n<p>&nbsp;<\/p>\n","protected":false},"excerpt":{"rendered":"<p>El Sal\u00f3n de Cristal del Ayuntamiento de Val\u00e8ncia acoge una exposici\u00f3n fotogr\u00e1fica de los 40 a\u00f1os de la trayectoria en el mundo de la moda del dise\u00f1ador gallego Roberto Verino. La muestra ha sido inaugurada por el alcalde, Joan Rib\u00f3, acompa\u00f1ado del concejal de Turismo, Emiliano Garc\u00eda, y de las concejalas del Partido Popular, Julia [&hellip;]<\/p>\n","protected":false},"author":1,"featured_media":42,"comment_status":"open","ping_status":"open","sticky":false,"template":"","format":"standard","meta":{"footnotes":""},"categories":[4,3],"tags":[],"class_list":["post-40","post","type-post","status-publish","format-standard","has-post-thumbnail","hentry","category-cultura","category-noticias"],"_links":{"self":[{"href":"https:\/\/prensaycomunicacion.com\/index.php?rest_route=\/wp\/v2\/posts\/40","targetHints":{"allow":["GET"]}}],"collection":[{"href":"https:\/\/prensaycomunicacion.com\/index.php?rest_route=\/wp\/v2\/posts"}],"about":[{"href":"https:\/\/prensaycomunicacion.com\/index.php?rest_route=\/wp\/v2\/types\/post"}],"author":[{"embeddable":true,"href":"https:\/\/prensaycomunicacion.com\/index.php?rest_route=\/wp\/v2\/users\/1"}],"replies":[{"embeddable":true,"href":"https:\/\/prensaycomunicacion.com\/index.php?rest_route=%2Fwp%2Fv2%2Fcomments&post=40"}],"version-history":[{"count":1,"href":"https:\/\/prensaycomunicacion.com\/index.php?rest_route=\/wp\/v2\/posts\/40\/revisions"}],"predecessor-version":[{"id":43,"href":"https:\/\/prensaycomunicacion.com\/index.php?rest_route=\/wp\/v2\/posts\/40\/revisions\/43"}],"wp:featuredmedia":[{"embeddable":true,"href":"https:\/\/prensaycomunicacion.com\/index.php?rest_route=\/wp\/v2\/media\/42"}],"wp:attachment":[{"href":"https:\/\/prensaycomunicacion.com\/index.php?rest_route=%2Fwp%2Fv2%2Fmedia&parent=40"}],"wp:term":[{"taxonomy":"category","embeddable":true,"href":"https:\/\/prensaycomunicacion.com\/index.php?rest_route=%2Fwp%2Fv2%2Fcategories&post=40"},{"taxonomy":"post_tag","embeddable":true,"href":"https:\/\/prensaycomunicacion.com\/index.php?rest_route=%2Fwp%2Fv2%2Ftags&post=40"}],"curies":[{"name":"wp","href":"https:\/\/api.w.org\/{rel}","templated":true}]}}